{"id":84,"date":"2014-05-25T17:03:42","date_gmt":"2014-05-25T15:03:42","guid":{"rendered":"http:\/\/blog.joraschky.de\/?p=84"},"modified":"2020-03-12T10:03:21","modified_gmt":"2020-03-12T08:03:21","slug":"dilettanten-ole-teil-i","status":"publish","type":"post","link":"https:\/\/blog.joraschky.de\/?p=84","title":{"rendered":"Dilettanten, ol\u00e9! Teil I"},"content":{"rendered":"<p>Manchmal denke ich, es ist doch wirklich gut, dass diverse Verhaltensweisen im Stammhirn verankert sind:<br \/>\nAtmen, aufrecht gehen, etc. Denn es gibt immer wieder Dinge und Situationen, da muss ich einfach davon ausgehen, dass der oder die Betreffende so bl\u00f6d ist wie 5m Bordstein, und das ist meistens noch eine Beleidigung f\u00fcr die Steine.\u00a0Was ich im Cabrio schon alles an interessanten Ans\u00e4tzen, Ideen und vor allem Beharrlichkeit gefunden habe, ist wirklich erstaunlich.<\/p>\n<p>Da gibt es zum Beispiel die Verkabelung der dritten Bremsleuchte. Hier ist die Ausgangssituation, dass die zwar verbaut ist, aber nicht beim Bremsen leuchtet.<br \/>\nZugegeben, im Modelljahr &#8217;93 ist die noch nicht vorgesehen &#8211; zwar hat der linke Kabelbaum daf\u00fcr schon ein Kabel, aber ab dem Verbindungsstecker im Kofferraum geht das nicht weiter. Gut, habe ich mir gedacht, dann schlie\u00dfe ich die einfach parallell zu einer Bremsleuchte an und fertig. Weit gefehlt &#8211; da sitzt noch ein Lampenkontrollger\u00e4t, welches misst, ob es einen Unterschied zwischen der linke und der rechten Bremsleuchte gibt. Ergo, da links nun 21W + 6&#215;2,1W und rechts weiterhin 21W leuchten, gibt das Autocheck eine Fehlermeldung aus.<\/p>\n<p>Ganz offensichtlich ist es demjenigen auch so ergangen, der damals die Heckklappe eingebaut hat &#8211; es finden sich Spuren eines Stromdiebes am Kabel der linken Bremsleuchte.<\/p>\n<p>Was macht man, um dieses Problem zu beheben? Nun, das kommt auf den kapazitiven Unterschied zwischen Klein- und Gro\u00dfhirn der betreffenden Person an. Wenn man so richtig Langeweile und au\u00dfer atmen nichts zu tun hat, dann macht man was? Richtig, zun\u00e4chst besch\u00e4digt man den Kabelbaum im Kofferaum mit einem Stromdieb &#8230;<\/p>\n<p><a href=\"https:\/\/blog.joraschky.de\/wp-uploads\/2014\/05\/dilettanten6.jpg\"><img loading=\"lazy\" class=\"alignnone size-medium wp-image-85\" alt=\"dilettanten6\" src=\"https:\/\/blog.joraschky.de\/wp-uploads\/2014\/05\/dilettanten6-300x199.jpg\" width=\"300\" height=\"199\" srcset=\"https:\/\/blog.joraschky.de\/wp-uploads\/2014\/05\/dilettanten6-300x199.jpg 300w, https:\/\/blog.joraschky.de\/wp-uploads\/2014\/05\/dilettanten6-1024x681.jpg 1024w, https:\/\/blog.joraschky.de\/wp-uploads\/2014\/05\/dilettanten6.jpg 1280w\" sizes=\"(max-width: 300px) 100vw, 300px\" \/><\/a><\/p>\n<p><span style=\"line-height: 1.5em;\">\u00f6ffnet danach ALLE Verkleidungen auf der Fahrerseite und legt nun ein Kabel l\u00e4ngs durch das Auto, welches man mit einem weiteren Stromdieb direkt am Bremslichtschalter oberhalb der Pedalerie anschlie\u00dft. <\/span><\/p>\n<p><a href=\"https:\/\/blog.joraschky.de\/wp-uploads\/2014\/05\/dilettanten8.jpg\"><img loading=\"lazy\" class=\"alignnone size-medium wp-image-86\" alt=\"dilettanten8\" src=\"https:\/\/blog.joraschky.de\/wp-uploads\/2014\/05\/dilettanten8-300x199.jpg\" width=\"300\" height=\"199\" srcset=\"https:\/\/blog.joraschky.de\/wp-uploads\/2014\/05\/dilettanten8-300x199.jpg 300w, https:\/\/blog.joraschky.de\/wp-uploads\/2014\/05\/dilettanten8-1024x681.jpg 1024w, https:\/\/blog.joraschky.de\/wp-uploads\/2014\/05\/dilettanten8.jpg 1280w\" sizes=\"(max-width: 300px) 100vw, 300px\" \/><\/a><\/p>\n<p><span style=\"line-height: 1.5em;\">Gut, OK, kann man machen. Es ist ja auch nicht so, dass genau DAS rot\/schwarze Kabel, welches nun mit einem Stromdieb vergewaltigt wurde, sowieso exakt auf dem ge\u00f6ffneten Weg bis nach hinten verlegt ist &#8230; und man einfach nur eine Verbindung VOR dem Lampenkontrollger\u00e4t herstellen muss. <\/span><\/p>\n<p><span style=\"line-height: 1.5em;\">Wie gesagt: Es ist gut, dass atmen und aufrecht gehen von alleine funktioniert &#8230;<\/span><\/p>\n","protected":false},"excerpt":{"rendered":"<p>Manchmal denke ich, es ist doch wirklich gut, dass diverse Verhaltensweisen im Stammhirn verankert sind: Atmen, aufrecht gehen, etc. Denn es gibt immer wieder Dinge und Situationen, da muss ich einfach davon ausgehen, dass der oder die Betreffende so bl\u00f6d ist wie 5m Bordstein, und das ist meistens noch eine Beleidigung f\u00fcr die Steine.\u00a0Was ich &hellip; <a href=\"https:\/\/blog.joraschky.de\/?p=84\" class=\"more-link\"><span class=\"screen-reader-text\">Dilettanten, ol\u00e9! Teil I<\/span> weiterlesen <span class=\"meta-nav\">&rarr;<\/span><\/a><\/p>\n","protected":false},"author":2,"featured_media":0,"comment_status":"closed","ping_status":"closed","sticky":false,"template":"","format":"standard","meta":[],"categories":[3,2],"tags":[],"_links":{"self":[{"href":"https:\/\/blog.joraschky.de\/index.php?rest_route=\/wp\/v2\/posts\/84"}],"collection":[{"href":"https:\/\/blog.joraschky.de\/index.php?rest_route=\/wp\/v2\/posts"}],"about":[{"href":"https:\/\/blog.joraschky.de\/index.php?rest_route=\/wp\/v2\/types\/post"}],"author":[{"embeddable":true,"href":"https:\/\/blog.joraschky.de\/index.php?rest_route=\/wp\/v2\/users\/2"}],"replies":[{"embeddable":true,"href":"https:\/\/blog.joraschky.de\/index.php?rest_route=%2Fwp%2Fv2%2Fcomments&post=84"}],"version-history":[{"count":6,"href":"https:\/\/blog.joraschky.de\/index.php?rest_route=\/wp\/v2\/posts\/84\/revisions"}],"predecessor-version":[{"id":92,"href":"https:\/\/blog.joraschky.de\/index.php?rest_route=\/wp\/v2\/posts\/84\/revisions\/92"}],"wp:attachment":[{"href":"https:\/\/blog.joraschky.de\/index.php?rest_route=%2Fwp%2Fv2%2Fmedia&parent=84"}],"wp:term":[{"taxonomy":"category","embeddable":true,"href":"https:\/\/blog.joraschky.de\/index.php?rest_route=%2Fwp%2Fv2%2Fcategories&post=84"},{"taxonomy":"post_tag","embeddable":true,"href":"https:\/\/blog.joraschky.de\/index.php?rest_route=%2Fwp%2Fv2%2Ftags&post=84"}],"curies":[{"name":"wp","href":"https:\/\/api.w.org\/{rel}","templated":true}]}}