{"id":15,"date":"2014-04-29T20:40:51","date_gmt":"2014-04-29T18:40:51","guid":{"rendered":"http:\/\/blog.joraschky.de\/?p=15"},"modified":"2020-03-18T19:02:26","modified_gmt":"2020-03-18T17:02:26","slug":"warum-eigentlich-ein-cabrio","status":"publish","type":"post","link":"https:\/\/blog.joraschky.de\/?p=15","title":{"rendered":"Warum eigentlich ein Cabrio?"},"content":{"rendered":"<p>Warum eigentlich ein Cabrio? Es ist ja nicht so, als w\u00e4ren nicht zum jetzigen Zeitpunkt schon mehr Fahrzeuge als Mitbewohner im Haus anwesend. Angefangen von diversen Fahrr\u00e4dern, Rollern, Scootern, einem Kettcar (wobei das mittlerweile tats\u00e4chlich f\u00fcr ALLE Familienmitglieder zu klein ist) \u00fcber bereits vorhandene 3 (in Worten drei) Autos: Ein derzeit 14 Jahre alter Mazda 626 Kombi f\u00fcr das Weib, ein 11 Jahre alten Passat Variant f\u00fcr den Mann und, weil es einfach immer schon zu ihm geh\u00f6rte, noch ein 31 Jahre altes Audi Coup\u00e9 GT 5E &#8211; letzteres in den Jahren 98 &#8211; 2000 zusammen mit einem Freund restauriert (u.a. nachzulesen auf meiner Homepage unter\u00a0http:\/\/joraschky.de\/audi\/uebersicht.htm)<\/p>\n<p>Aber warum nun ein Cabrio? Weil &#8230; einfach, \u00f6mm, nun ja, &#8230; im Norddeutschen sagt man immer &#8222;Was der Mensch braucht, das musser ha&#8217;m!&#8220; Das gen\u00fcgt doch als zwingende Notwendigkeit, noch ein viertes Auto vor die T\u00fcr zu stellen, oder etwa nicht? Nein? OK, wie w\u00e4re es dann damit: Ich habe einen Kombi und ein Coup\u00e9, da fehlt doch ganz klar ein Cabrio. Ich finde, die Priorit\u00e4ten nach Gr\u00fcndung einer Familie und dem Hauskauf mal wieder auf einen vern\u00fcnftigen Fokus zu legen nur legitim \ud83d\ude09<\/p>\n","protected":false},"excerpt":{"rendered":"<p>Warum eigentlich ein Cabrio? Es ist ja nicht so, als w\u00e4ren nicht zum jetzigen Zeitpunkt schon mehr Fahrzeuge als Mitbewohner im Haus anwesend. Angefangen von diversen Fahrr\u00e4dern, Rollern, Scootern, einem Kettcar (wobei das mittlerweile tats\u00e4chlich f\u00fcr ALLE Familienmitglieder zu klein ist) \u00fcber bereits vorhandene 3 (in Worten drei) Autos: Ein derzeit 14 Jahre alter Mazda &hellip; <a href=\"https:\/\/blog.joraschky.de\/?p=15\" class=\"more-link\"><span class=\"screen-reader-text\">Warum eigentlich ein Cabrio?<\/span> weiterlesen <span class=\"meta-nav\">&rarr;<\/span><\/a><\/p>\n","protected":false},"author":2,"featured_media":0,"comment_status":"closed","ping_status":"closed","sticky":false,"template":"","format":"standard","meta":[],"categories":[3,2],"tags":[],"_links":{"self":[{"href":"https:\/\/blog.joraschky.de\/index.php?rest_route=\/wp\/v2\/posts\/15"}],"collection":[{"href":"https:\/\/blog.joraschky.de\/index.php?rest_route=\/wp\/v2\/posts"}],"about":[{"href":"https:\/\/blog.joraschky.de\/index.php?rest_route=\/wp\/v2\/types\/post"}],"author":[{"embeddable":true,"href":"https:\/\/blog.joraschky.de\/index.php?rest_route=\/wp\/v2\/users\/2"}],"replies":[{"embeddable":true,"href":"https:\/\/blog.joraschky.de\/index.php?rest_route=%2Fwp%2Fv2%2Fcomments&post=15"}],"version-history":[{"count":1,"href":"https:\/\/blog.joraschky.de\/index.php?rest_route=\/wp\/v2\/posts\/15\/revisions"}],"predecessor-version":[{"id":16,"href":"https:\/\/blog.joraschky.de\/index.php?rest_route=\/wp\/v2\/posts\/15\/revisions\/16"}],"wp:attachment":[{"href":"https:\/\/blog.joraschky.de\/index.php?rest_route=%2Fwp%2Fv2%2Fmedia&parent=15"}],"wp:term":[{"taxonomy":"category","embeddable":true,"href":"https:\/\/blog.joraschky.de\/index.php?rest_route=%2Fwp%2Fv2%2Fcategories&post=15"},{"taxonomy":"post_tag","embeddable":true,"href":"https:\/\/blog.joraschky.de\/index.php?rest_route=%2Fwp%2Fv2%2Ftags&post=15"}],"curies":[{"name":"wp","href":"https:\/\/api.w.org\/{rel}","templated":true}]}}